{"id":2200,"date":"2019-07-14T12:42:10","date_gmt":"2019-07-14T10:42:10","guid":{"rendered":"https:\/\/sk-kulmbach.de\/?p=2200"},"modified":"2025-07-19T12:44:37","modified_gmt":"2025-07-19T10:44:37","slug":"oberfraenkische-mv-in-kulmbach","status":"publish","type":"post","link":"https:\/\/sk-kulmbach.de\/en\/oberfraenkische-mv-in-kulmbach\/","title":{"rendered":"Oberfr\u00e4nkische MV in Kulmbach"},"content":{"rendered":"<p><a href=\"https:\/\/sk-kulmbach.de\/wp-content\/uploads\/2025\/07\/image_1-120.jpg\"><img loading=\"lazy\" decoding=\"async\" class=\"wp-image-2201  alignright\" src=\"https:\/\/sk-kulmbach.de\/wp-content\/uploads\/2025\/07\/image_1-120.jpg\" alt=\"\" width=\"359\" height=\"269\" srcset=\"https:\/\/sk-kulmbach.de\/wp-content\/uploads\/2025\/07\/image_1-120.jpg 2048w, https:\/\/sk-kulmbach.de\/wp-content\/uploads\/2025\/07\/image_1-120-300x225.jpg 300w, https:\/\/sk-kulmbach.de\/wp-content\/uploads\/2025\/07\/image_1-120-1024x769.jpg 1024w, https:\/\/sk-kulmbach.de\/wp-content\/uploads\/2025\/07\/image_1-120-768x577.jpg 768w, https:\/\/sk-kulmbach.de\/wp-content\/uploads\/2025\/07\/image_1-120-1536x1154.jpg 1536w, https:\/\/sk-kulmbach.de\/wp-content\/uploads\/2025\/07\/image_1-120-16x12.jpg 16w\" sizes=\"auto, (max-width: 359px) 100vw, 359px\" \/><\/a>Auch an diesem Wochenende waren Anita Seidler und Alvin Kr\u00e4mer wieder voll im Einsatz. Am Samstag richteten sie das Gedenkturnier aus. Hierbei leiteten die beiden das Turnier und versorgten die Teilnehmer. Heute fand die Oberfr\u00e4nkische Mitgliederversammlung in Kulmbach statt. Auch hier musste alles vorbereitet werden und die Teilnehmer versorgt werden. An dieser Stelle m\u00f6chte ich mich bei meiner 2.Vorsitzenden \u201eAnita Seidler\u201c mal recht herzlich bedanken. Der Schachklub Kulmbach kann sich gl\u00fccklich sch\u00e4tzen Dich im Verein zu haben. Was du f\u00fcr den Verein leistest ist schon enorm. Danke!!! Bei der Versammlung waren 41 Teilnehmer aus 25 verschiedenen Vereine. Es wurde \u00fcber verschiedene Antr\u00e4ge abgestimmt. N\u00e4heres erf\u00e4hrt demn\u00e4chst auf der auf der Oberfranken Seite. Ingo Thorn hat wie immer die Versammlung souver\u00e4n geleitet.<\/p>","protected":false},"excerpt":{"rendered":"<p>Auch an diesem Wochenende waren Anita Seidler und Alvin Kr\u00e4mer wieder voll im Einsatz. Am Samstag richteten sie das Gedenkturnier aus. Hierbei leiteten die beiden das Turnier und versorgten die [&hellip;]<\/p>\n","protected":false},"author":4,"featured_media":2202,"comment_status":"open","ping_status":"open","sticky":false,"template":"","format":"standard","meta":{"_acf_changed":false,"_breakdance_hide_in_design_set":false,"_breakdance_tags":"","footnotes":""},"categories":[5],"tags":[],"class_list":["post-2200","post","type-post","status-publish","format-standard","has-post-thumbnail","hentry","category-news"],"blocksy_meta":[],"acf":[],"translation_post_en":"","translation_titel_en":"","_links":{"self":[{"href":"https:\/\/sk-kulmbach.de\/en\/wp-json\/wp\/v2\/posts\/2200","targetHints":{"allow":["GET"]}}],"collection":[{"href":"https:\/\/sk-kulmbach.de\/en\/wp-json\/wp\/v2\/posts"}],"about":[{"href":"https:\/\/sk-kulmbach.de\/en\/wp-json\/wp\/v2\/types\/post"}],"author":[{"embeddable":true,"href":"https:\/\/sk-kulmbach.de\/en\/wp-json\/wp\/v2\/users\/4"}],"replies":[{"embeddable":true,"href":"https:\/\/sk-kulmbach.de\/en\/wp-json\/wp\/v2\/comments?post=2200"}],"version-history":[{"count":1,"href":"https:\/\/sk-kulmbach.de\/en\/wp-json\/wp\/v2\/posts\/2200\/revisions"}],"predecessor-version":[{"id":2203,"href":"https:\/\/sk-kulmbach.de\/en\/wp-json\/wp\/v2\/posts\/2200\/revisions\/2203"}],"wp:featuredmedia":[{"embeddable":true,"href":"https:\/\/sk-kulmbach.de\/en\/wp-json\/wp\/v2\/media\/2202"}],"wp:attachment":[{"href":"https:\/\/sk-kulmbach.de\/en\/wp-json\/wp\/v2\/media?parent=2200"}],"wp:term":[{"taxonomy":"category","embeddable":true,"href":"https:\/\/sk-kulmbach.de\/en\/wp-json\/wp\/v2\/categories?post=2200"},{"taxonomy":"post_tag","embeddable":true,"href":"https:\/\/sk-kulmbach.de\/en\/wp-json\/wp\/v2\/tags?post=2200"}],"curies":[{"name":"wp","href":"https:\/\/api.w.org\/{rel}","templated":true}]}}