{"id":2251,"date":"2019-03-17T17:40:01","date_gmt":"2019-03-17T15:40:01","guid":{"rendered":"https:\/\/sk-kulmbach.de\/?p=2251"},"modified":"2025-07-19T17:41:05","modified_gmt":"2025-07-19T15:41:05","slug":"cvg-bei-der-bayerischen","status":"publish","type":"post","link":"https:\/\/sk-kulmbach.de\/en\/cvg-bei-der-bayerischen\/","title":{"rendered":"CVG bei der Bayerischen"},"content":{"rendered":"<p>Nachdem die CVG-Schulschachmannschaft in der WK IV (Jahrgang 2006 und j\u00fcnger) am 28.11.2018 oberfr\u00e4nkischer Meister in Bindlach wurde, durften die Sch\u00fcler am 16.03.2019 zu den bayerischen Meisterschaften nach Aschaffenburg reisen. Wie auf der oberfr\u00e4nkischen Meisterschaft spielten auch hier wieder Dominik Kunte an Brett 1, Tena Sabol an Brett 2, Matti Gutzeit an Brett 3 und Lenard D\u00fcnkel an Brett 4.<br \/>\nNach fr\u00fchem Aufstehen und langer Anfahrt in das Friedrich-Dessauer-Gymnasium waren wir zun\u00e4chst \u00fcberw\u00e4ltigt von den vielen anwesenden Mannschaften. Nach Begr\u00fc\u00dfung durch den B\u00fcrgermeister der Stadt ging es dann in der WK IV gegen die besten Mannschaften aus den anderen Regierungsbezirken. Nat\u00fcrlich waren alle Mannschaften durchgehend mit sehr starken Vereinsspielern besetzt, so dass wir mit unserer zum Teil noch unerfahrenen Mannschaft nicht viel erhoffen durften.<br \/>\nWie schon auf der oberfr\u00e4nkischen Meisterschaft wuchs unsere Mannschaft jedoch auch hier wieder \u00fcber sich hinaus und konnte in diesem starken Feld doch f\u00fcr \u00dcberraschungen sorgen und einige Gegner \u00e4rgern. Sowohl der unterfr\u00e4nkischen Vertreter (Spessart-Gymnasium Alzenau) als auch der schw\u00e4bische Meister aus Neu-Ulm wurden nach \u00e4u\u00dferst spannenden Partien mit 2,5:1,5 und 3:1 besiegt. Auch dem niederbayerischen Meister (Gymnasium Untergriesbach) wurde ein 2:2 abgek\u00e4mpft. Somit standen zum Schluss 5:9 Punkte und ein 7. Platz im unteren Mittelfeld als Ergebnis.<br \/>\nDa wir erst abends wieder daheim waren und der ganze Tag \u201eDenksport\u201c betrieben wurde, waren alle richtig m\u00fcde. Dennoch will man auch n\u00e4chstes Jahr wieder einen neuen Anlauf nehmen, um den oberfr\u00e4nkischen Meistertitel f\u00fcr das CVG zu verteidigen.<br \/>\nVielen Dank an Thomas Kunte der die Kids gefahren und betreut hat!!!<\/p>","protected":false},"excerpt":{"rendered":"<p>Nachdem die CVG-Schulschachmannschaft in der WK IV (Jahrgang 2006 und j\u00fcnger) am 28.11.2018 oberfr\u00e4nkischer Meister in Bindlach wurde, durften die Sch\u00fcler am 16.03.2019 zu den bayerischen Meisterschaften nach Aschaffenburg reisen. [&hellip;]<\/p>\n","protected":false},"author":4,"featured_media":2252,"comment_status":"open","ping_status":"open","sticky":false,"template":"","format":"standard","meta":{"_acf_changed":false,"_breakdance_hide_in_design_set":false,"_breakdance_tags":"","footnotes":""},"categories":[5],"tags":[],"class_list":["post-2251","post","type-post","status-publish","format-standard","has-post-thumbnail","hentry","category-news"],"blocksy_meta":[],"acf":[],"translation_post_en":"","translation_titel_en":"","_links":{"self":[{"href":"https:\/\/sk-kulmbach.de\/en\/wp-json\/wp\/v2\/posts\/2251","targetHints":{"allow":["GET"]}}],"collection":[{"href":"https:\/\/sk-kulmbach.de\/en\/wp-json\/wp\/v2\/posts"}],"about":[{"href":"https:\/\/sk-kulmbach.de\/en\/wp-json\/wp\/v2\/types\/post"}],"author":[{"embeddable":true,"href":"https:\/\/sk-kulmbach.de\/en\/wp-json\/wp\/v2\/users\/4"}],"replies":[{"embeddable":true,"href":"https:\/\/sk-kulmbach.de\/en\/wp-json\/wp\/v2\/comments?post=2251"}],"version-history":[{"count":1,"href":"https:\/\/sk-kulmbach.de\/en\/wp-json\/wp\/v2\/posts\/2251\/revisions"}],"predecessor-version":[{"id":2253,"href":"https:\/\/sk-kulmbach.de\/en\/wp-json\/wp\/v2\/posts\/2251\/revisions\/2253"}],"wp:featuredmedia":[{"embeddable":true,"href":"https:\/\/sk-kulmbach.de\/en\/wp-json\/wp\/v2\/media\/2252"}],"wp:attachment":[{"href":"https:\/\/sk-kulmbach.de\/en\/wp-json\/wp\/v2\/media?parent=2251"}],"wp:term":[{"taxonomy":"category","embeddable":true,"href":"https:\/\/sk-kulmbach.de\/en\/wp-json\/wp\/v2\/categories?post=2251"},{"taxonomy":"post_tag","embeddable":true,"href":"https:\/\/sk-kulmbach.de\/en\/wp-json\/wp\/v2\/tags?post=2251"}],"curies":[{"name":"wp","href":"https:\/\/api.w.org\/{rel}","templated":true}]}}