{"id":2300,"date":"2018-12-09T18:20:43","date_gmt":"2018-12-09T16:20:43","guid":{"rendered":"https:\/\/sk-kulmbach.de\/?p=2300"},"modified":"2025-07-19T18:21:35","modified_gmt":"2025-07-19T16:21:35","slug":"u20-steigt-in-die-landesliga-auf","status":"publish","type":"post","link":"https:\/\/sk-kulmbach.de\/en\/u20-steigt-in-die-landesliga-auf\/","title":{"rendered":"U20: steigt in die Landesliga auf"},"content":{"rendered":"<p>In der letzten Runde der U20-Bezirksliga traf Tabellenf\u00fchrer Kulmbach auf den SC H\u00f6chstadt\/Aisch. Die Kulmbacher reisten in folgender Aufstellung an: Brett 1 Christoph Sesselmann, Brett 2 Moritz Sesselmann, Brett 3 Christian K\u00f6del, Brett 4 Lucia Neef-Steffens. Den ersten Sieg konnte Christian K\u00f6del einfahren, nachdem er den Angriff seines Gegner mittels einer kurzen Rochade gekontert, den f-Bauern gewonnen und mit den Schwerfiguren die siebte Reihe besetzt hatte. Kurz darauf gewann Lucia Neef-Steffens nach einer starken Leistung ihre Partie im Turmendspiel. Moritz Sesselmann verlor ungl\u00fccklich, da er einen Spielzug seines Gegners \u00fcbersah. Den Kulmbacher Sieg sicherte am Spitzenbrett Christoph Sesselmann, indem den Damentausch forcierte und in ein gewonnenes Bauernendspiel \u00fcberleitete, woraufhin sein Gegner ihm bald die Hand reichte und aufgab. Zeitgleich kam der Kronacher SK nicht \u00fcber ein Unentschieden gegen den SK Weidhausen hinaus, was f\u00fcr Kulmbach die Meisterschaft bedeutet und den erneuten Aufstieg in die Landesliga erm\u00f6glicht. Als Mannschaftsf\u00fchrer will ich zun\u00e4chst bei Moritz Sesselmann bedanken, der wegen seines Alters in der n\u00e4chsten Saison aus der Mannschaft ausscheidet. Mit ihm im Team konnten wir einmal die Jugendliga des Schachkreises Hof-Bayreuth-Kulmbach und zweimal die U20-Bezirksliga gewinnen. Eine Saison spielten wir in der Landesliga Nord, wo wir uns als Vorletzter zwar nicht behaupten konnten, aber umso so mehr erfreut die Chance des erneuten Aufstiegs. Ohne Moritz wird es sicherlich nicht leicht werden, aber ich bin dankbar daf\u00fcr, dass er uns den Aufstieg mit erm\u00f6glicht hat.Des Weiteren danke ich Markus Deichsel f\u00fcr sein Engagement im Team. Ebenfalls bin ich Christoph Sesselmann zum Dank verpflichtet, in dieser Saison hat er die Aufgabe des Brett-1-Spielers \u00fcbernommen und einmal mehr seine Spielst\u00e4rke unter Beweis gestellt.Zuletzt will ich noch Lucia Neef-Steffens danken, schlie\u00dflich hat sie in H\u00f6chstadt mit einem Sieg \u00fcber eine auf dem Papier um 200 DWZ st\u00e4rkere Gegnerin den Mannschaftssieg in die Wege geleitet. Sie hat sich auf jeden Fall bew\u00e4hrt und sollte in der n\u00e4chsten Saison noch \u00f6fter zum Einsatz kommen.<br \/>\nBericht vom Mannschaftsf\u00fchrer Christian K\u00f6del.<\/p>","protected":false},"excerpt":{"rendered":"<p>In der letzten Runde der U20-Bezirksliga traf Tabellenf\u00fchrer Kulmbach auf den SC H\u00f6chstadt\/Aisch. Die Kulmbacher reisten in folgender Aufstellung an: Brett 1 Christoph Sesselmann, Brett 2 Moritz Sesselmann, Brett 3 [&hellip;]<\/p>\n","protected":false},"author":4,"featured_media":2301,"comment_status":"open","ping_status":"open","sticky":false,"template":"","format":"standard","meta":{"_acf_changed":false,"_breakdance_hide_in_design_set":false,"_breakdance_tags":"","footnotes":""},"categories":[5],"tags":[],"class_list":["post-2300","post","type-post","status-publish","format-standard","has-post-thumbnail","hentry","category-news"],"blocksy_meta":[],"acf":[],"translation_post_en":"","translation_titel_en":"","_links":{"self":[{"href":"https:\/\/sk-kulmbach.de\/en\/wp-json\/wp\/v2\/posts\/2300","targetHints":{"allow":["GET"]}}],"collection":[{"href":"https:\/\/sk-kulmbach.de\/en\/wp-json\/wp\/v2\/posts"}],"about":[{"href":"https:\/\/sk-kulmbach.de\/en\/wp-json\/wp\/v2\/types\/post"}],"author":[{"embeddable":true,"href":"https:\/\/sk-kulmbach.de\/en\/wp-json\/wp\/v2\/users\/4"}],"replies":[{"embeddable":true,"href":"https:\/\/sk-kulmbach.de\/en\/wp-json\/wp\/v2\/comments?post=2300"}],"version-history":[{"count":1,"href":"https:\/\/sk-kulmbach.de\/en\/wp-json\/wp\/v2\/posts\/2300\/revisions"}],"predecessor-version":[{"id":2302,"href":"https:\/\/sk-kulmbach.de\/en\/wp-json\/wp\/v2\/posts\/2300\/revisions\/2302"}],"wp:featuredmedia":[{"embeddable":true,"href":"https:\/\/sk-kulmbach.de\/en\/wp-json\/wp\/v2\/media\/2301"}],"wp:attachment":[{"href":"https:\/\/sk-kulmbach.de\/en\/wp-json\/wp\/v2\/media?parent=2300"}],"wp:term":[{"taxonomy":"category","embeddable":true,"href":"https:\/\/sk-kulmbach.de\/en\/wp-json\/wp\/v2\/categories?post=2300"},{"taxonomy":"post_tag","embeddable":true,"href":"https:\/\/sk-kulmbach.de\/en\/wp-json\/wp\/v2\/tags?post=2300"}],"curies":[{"name":"wp","href":"https:\/\/api.w.org\/{rel}","templated":true}]}}