{"id":2327,"date":"2018-11-11T18:40:58","date_gmt":"2018-11-11T16:40:58","guid":{"rendered":"https:\/\/sk-kulmbach.de\/?p=2327"},"modified":"2025-07-19T18:42:09","modified_gmt":"2025-07-19T16:42:09","slug":"erste-verliert-in-thiersheim","status":"publish","type":"post","link":"https:\/\/sk-kulmbach.de\/en\/erste-verliert-in-thiersheim\/","title":{"rendered":"Erste verliert in Thiersheim"},"content":{"rendered":"<p>Am heutigen Sonntag spielte die erste Mannschaft gegen Thiersheim. Wegen des unerwarteten Todesfalles Dr. Wolfgang Schweizers musste man in Unterzahl antreten, denn die kurzfristig nominierte Anita Seidler erreichte den Spielort nicht mehr vor Ende der Karenzzeit. Manfred Tasca verlor an Brett 4 seine Partie gegen einen \u00fcberm\u00e4chtigen Gegner. Viktor Friedrich und Christian K\u00f6del konnten ihre Partien an den Brettern 1 und 7 remisieren. An Brett 6 verlor Moritz Sesselmann ungl\u00fccklich in einer gewonnenen Stellung. Christoph Sesselmann, ebenfalls mit einer gewonnenen Stellung, verlor ebenfalls ungl\u00fccklich eine Leichtfigur, konnte aber in einem starken Endspiel alle Bauern abtauschen und die Partie remis halten. An Brett 2 kam Thomas Kunte nach einem langen Kampf in einem Damenendspiel mit einem Mehrbauern nicht \u00fcber ein Remis hinaus. Die beste Partie des Tages spielte an Brett 3 der stark aufspielende Neuzugang Goran Sabol, der ein Leichtfigurenendspiel mit Bravour gewann.<br \/>\nDas \u00e4nderte jedoch nichts mehr an der Niederlage. Der Endstand war 3 &#8211; 5.<br \/>\nSo zeigte sich bereits heute die L\u00fccke, die unser gesch\u00e4tzter Mannschaftskollege Dr. Wolfgang Schweizer hinterlassen hat. Seine Endspielk\u00fcnste, sein Humor und seine Liebe zum k\u00f6niglichen Spiel werden der ersten Mannschaft und dem restlichen Verein schmerzlich fehlen. Wir werden Dich nie vergessen, Doc.<\/p>","protected":false},"excerpt":{"rendered":"<p>Am heutigen Sonntag spielte die erste Mannschaft gegen Thiersheim. Wegen des unerwarteten Todesfalles Dr. Wolfgang Schweizers musste man in Unterzahl antreten, denn die kurzfristig nominierte Anita Seidler erreichte den Spielort [&hellip;]<\/p>\n","protected":false},"author":4,"featured_media":1784,"comment_status":"open","ping_status":"open","sticky":false,"template":"","format":"standard","meta":{"_acf_changed":false,"_breakdance_hide_in_design_set":false,"_breakdance_tags":"","footnotes":""},"categories":[5],"tags":[],"class_list":["post-2327","post","type-post","status-publish","format-standard","has-post-thumbnail","hentry","category-news"],"blocksy_meta":[],"acf":[],"translation_post_en":"","translation_titel_en":"","_links":{"self":[{"href":"https:\/\/sk-kulmbach.de\/en\/wp-json\/wp\/v2\/posts\/2327","targetHints":{"allow":["GET"]}}],"collection":[{"href":"https:\/\/sk-kulmbach.de\/en\/wp-json\/wp\/v2\/posts"}],"about":[{"href":"https:\/\/sk-kulmbach.de\/en\/wp-json\/wp\/v2\/types\/post"}],"author":[{"embeddable":true,"href":"https:\/\/sk-kulmbach.de\/en\/wp-json\/wp\/v2\/users\/4"}],"replies":[{"embeddable":true,"href":"https:\/\/sk-kulmbach.de\/en\/wp-json\/wp\/v2\/comments?post=2327"}],"version-history":[{"count":1,"href":"https:\/\/sk-kulmbach.de\/en\/wp-json\/wp\/v2\/posts\/2327\/revisions"}],"predecessor-version":[{"id":2328,"href":"https:\/\/sk-kulmbach.de\/en\/wp-json\/wp\/v2\/posts\/2327\/revisions\/2328"}],"wp:featuredmedia":[{"embeddable":true,"href":"https:\/\/sk-kulmbach.de\/en\/wp-json\/wp\/v2\/media\/1784"}],"wp:attachment":[{"href":"https:\/\/sk-kulmbach.de\/en\/wp-json\/wp\/v2\/media?parent=2327"}],"wp:term":[{"taxonomy":"category","embeddable":true,"href":"https:\/\/sk-kulmbach.de\/en\/wp-json\/wp\/v2\/categories?post=2327"},{"taxonomy":"post_tag","embeddable":true,"href":"https:\/\/sk-kulmbach.de\/en\/wp-json\/wp\/v2\/tags?post=2327"}],"curies":[{"name":"wp","href":"https:\/\/api.w.org\/{rel}","templated":true}]}}