{"id":2430,"date":"2018-01-28T19:25:55","date_gmt":"2018-01-28T17:25:55","guid":{"rendered":"https:\/\/sk-kulmbach.de\/?p=2430"},"modified":"2025-07-19T19:26:34","modified_gmt":"2025-07-19T17:26:34","slug":"zweite-mannschaft-vom-schachklub-kulmbach-auf-aufstiegskurs","status":"publish","type":"post","link":"https:\/\/sk-kulmbach.de\/en\/zweite-mannschaft-vom-schachklub-kulmbach-auf-aufstiegskurs\/","title":{"rendered":"Zweite Mannschaft vom Schachklub Kulmbach auf Aufstiegskurs"},"content":{"rendered":"<p>In der 6.Runde der A-Klasse musste die zweite Mannschaft vom Schachklub Kulmbach zu Hause gegen den SK Lehsten antreten. Die Bierst\u00e4dter traten mit einer starken Mannschaft an, was im nach hinein auch unbedingt notwendig war. Allein die Tatsache das zwei Partien durch Zeit\u00fcberschreitung entschieden wurden kann man schon erahnen das es ein hart umk\u00e4mpfter Mannschaftskampf war.<\/p>\n<p>In einer Skandinavische Verteidigung bekam der Lehstener Thorsten Jahn einen starken Angriff gegen Christian K\u00f6del. Doch durch Figurenabtausch konnte der Kulmbacher in ein ausgeglichenes Endspiel abwickeln, was dann zum Remis f\u00fchrte.Christoph Sesselmann spielte gegen Reinhard Polgar einen Angriff auf dem K\u00f6nigsfl\u00fcgel der wieder versuchte es am Damenfl\u00fcgel. Doch beide fanden keinen Gewinnweg und einigten sich in einer ausgeglichen Stellung auf Remis.<br \/>\nAm Spitzenbrett spielte Moritz Sesselmann gegen Tobias Hohenberger die Caro-Kann Verteidigung. Der Kulmbacher stand meist in passiver Rolle, aber mit ausreichender Verteidigung. Was zum Remis f\u00fchrte.<br \/>\nTorsten Matthes an Brett drei \u00fcbersah gegen Thomas Friedrich in seinem Angriff einen Springerabtausch, wo durch ein Bauern verloren ging. Der Lehstener fand aber nicht die richtige Fortsetzung was am Ende zum Remis f\u00fchrte. Alfred Wolf bekam im 27.Zug von Willi Jahreis ein Remisangebot. Nach der \u00dcberpr\u00fcfung der Stellung entschied der Kulmbacher das Remis an zu nehmen, Altmeister Erwin Zellner bemerkte gegen Klaus Peter Dick nicht das er in Zeitnot war, und verlor seine Partie dann durch Zeit\u00fcberschreitung. Trotz eines Freibauern vom Lehstener G\u00fcnter Jahn konnte der Kulmbacher Mathias Lau die Partie ausgeglichen halten. Und gewann die Partie durch Zeit\u00fcberschreitung.<br \/>\nBeim Stand von 3.5-3.5 spielte Peter Reif an Brett 5 gegen Reinhard Jahreis eine hart umk\u00e4mpfte Partie die erst nach fast 5 Stunden im Endspiel f\u00fcr den Kulmbacher entschieden wurde. Damit stand der Kulmbacher Sieg fest. Am 11.Februar geht es nach Schwarzenbach<\/p>","protected":false},"excerpt":{"rendered":"<p>In der 6.Runde der A-Klasse musste die zweite Mannschaft vom Schachklub Kulmbach zu Hause gegen den SK Lehsten antreten. Die Bierst\u00e4dter traten mit einer starken Mannschaft an, was im nach [&hellip;]<\/p>\n","protected":false},"author":4,"featured_media":2431,"comment_status":"open","ping_status":"open","sticky":false,"template":"","format":"standard","meta":{"_acf_changed":false,"_breakdance_hide_in_design_set":false,"_breakdance_tags":"","footnotes":""},"categories":[5],"tags":[],"class_list":["post-2430","post","type-post","status-publish","format-standard","has-post-thumbnail","hentry","category-news"],"blocksy_meta":[],"acf":[],"translation_post_en":"","translation_titel_en":"","_links":{"self":[{"href":"https:\/\/sk-kulmbach.de\/en\/wp-json\/wp\/v2\/posts\/2430","targetHints":{"allow":["GET"]}}],"collection":[{"href":"https:\/\/sk-kulmbach.de\/en\/wp-json\/wp\/v2\/posts"}],"about":[{"href":"https:\/\/sk-kulmbach.de\/en\/wp-json\/wp\/v2\/types\/post"}],"author":[{"embeddable":true,"href":"https:\/\/sk-kulmbach.de\/en\/wp-json\/wp\/v2\/users\/4"}],"replies":[{"embeddable":true,"href":"https:\/\/sk-kulmbach.de\/en\/wp-json\/wp\/v2\/comments?post=2430"}],"version-history":[{"count":1,"href":"https:\/\/sk-kulmbach.de\/en\/wp-json\/wp\/v2\/posts\/2430\/revisions"}],"predecessor-version":[{"id":2432,"href":"https:\/\/sk-kulmbach.de\/en\/wp-json\/wp\/v2\/posts\/2430\/revisions\/2432"}],"wp:featuredmedia":[{"embeddable":true,"href":"https:\/\/sk-kulmbach.de\/en\/wp-json\/wp\/v2\/media\/2431"}],"wp:attachment":[{"href":"https:\/\/sk-kulmbach.de\/en\/wp-json\/wp\/v2\/media?parent=2430"}],"wp:term":[{"taxonomy":"category","embeddable":true,"href":"https:\/\/sk-kulmbach.de\/en\/wp-json\/wp\/v2\/categories?post=2430"},{"taxonomy":"post_tag","embeddable":true,"href":"https:\/\/sk-kulmbach.de\/en\/wp-json\/wp\/v2\/tags?post=2430"}],"curies":[{"name":"wp","href":"https:\/\/api.w.org\/{rel}","templated":true}]}}