{"id":2470,"date":"2017-11-12T19:42:13","date_gmt":"2017-11-12T17:42:13","guid":{"rendered":"https:\/\/sk-kulmbach.de\/?p=2470"},"modified":"2025-07-19T19:43:00","modified_gmt":"2025-07-19T17:43:00","slug":"erste-siegt-gegen-presseck","status":"publish","type":"post","link":"https:\/\/sk-kulmbach.de\/en\/erste-siegt-gegen-presseck\/","title":{"rendered":"Erste siegt gegen Presseck"},"content":{"rendered":"<p>Am zweiten Spieltag der Bezirksliga Ost trat die erste Mannschaft des SK Kulmbach gegen das Team aus Presseck an. Die ersten beiden Einzelergebnisse standen fest, als Thomas Kunte und Roland Worschech mit ihren Gegnern Remis vereinbarten. Durch einen souver\u00e4nen Sieg von Christoph Sesselmann an Brett 8 kamen die Kulmbacher in F\u00fchrung. Am Spitzenbrett verlor Wolfgang Siegert seine Partie. Nach einem Sieg von Torsten Matthes an Brett 7 war Kulmbach wieder in F\u00fchrung. Dr. Wolfgang Schweizer spielte am dritten Brett Remis, sodass beim Stand von 3,5 &#8211; 2,5 noch zwei Partien liefen, die das Ergebnis entscheiden sollten. Viktor Fredrich gelang es, seine sich im Endspiel befindende Partie zu remisieren. An Brett f\u00fcnf vereinbarte Christian K\u00f6del daraufhin zugunsten der Mannschaft Remis, was den Mannschaftskampf mit einem knappen Sieg f\u00fcr Kulmbach beendete.<br \/>\nBericht von Christian K\u00f6del.<\/p>","protected":false},"excerpt":{"rendered":"<p>Am zweiten Spieltag der Bezirksliga Ost trat die erste Mannschaft des SK Kulmbach gegen das Team aus Presseck an. Die ersten beiden Einzelergebnisse standen fest, als Thomas Kunte und Roland [&hellip;]<\/p>\n","protected":false},"author":4,"featured_media":1764,"comment_status":"open","ping_status":"open","sticky":false,"template":"","format":"standard","meta":{"_acf_changed":false,"_breakdance_hide_in_design_set":false,"_breakdance_tags":"","footnotes":""},"categories":[5],"tags":[],"class_list":["post-2470","post","type-post","status-publish","format-standard","has-post-thumbnail","hentry","category-news"],"blocksy_meta":[],"acf":[],"translation_post_en":"","translation_titel_en":"","_links":{"self":[{"href":"https:\/\/sk-kulmbach.de\/en\/wp-json\/wp\/v2\/posts\/2470","targetHints":{"allow":["GET"]}}],"collection":[{"href":"https:\/\/sk-kulmbach.de\/en\/wp-json\/wp\/v2\/posts"}],"about":[{"href":"https:\/\/sk-kulmbach.de\/en\/wp-json\/wp\/v2\/types\/post"}],"author":[{"embeddable":true,"href":"https:\/\/sk-kulmbach.de\/en\/wp-json\/wp\/v2\/users\/4"}],"replies":[{"embeddable":true,"href":"https:\/\/sk-kulmbach.de\/en\/wp-json\/wp\/v2\/comments?post=2470"}],"version-history":[{"count":1,"href":"https:\/\/sk-kulmbach.de\/en\/wp-json\/wp\/v2\/posts\/2470\/revisions"}],"predecessor-version":[{"id":2471,"href":"https:\/\/sk-kulmbach.de\/en\/wp-json\/wp\/v2\/posts\/2470\/revisions\/2471"}],"wp:featuredmedia":[{"embeddable":true,"href":"https:\/\/sk-kulmbach.de\/en\/wp-json\/wp\/v2\/media\/1764"}],"wp:attachment":[{"href":"https:\/\/sk-kulmbach.de\/en\/wp-json\/wp\/v2\/media?parent=2470"}],"wp:term":[{"taxonomy":"category","embeddable":true,"href":"https:\/\/sk-kulmbach.de\/en\/wp-json\/wp\/v2\/categories?post=2470"},{"taxonomy":"post_tag","embeddable":true,"href":"https:\/\/sk-kulmbach.de\/en\/wp-json\/wp\/v2\/tags?post=2470"}],"curies":[{"name":"wp","href":"https:\/\/api.w.org\/{rel}","templated":true}]}}